{"id":8975,"date":"2022-04-04T12:16:12","date_gmt":"2022-04-04T11:16:12","guid":{"rendered":"https:\/\/www.zagreb-marathon.com\/?p=8975"},"modified":"2023-01-15T10:30:47","modified_gmt":"2023-01-15T09:30:47","slug":"pocinju-pripreme-za-30-zagrebacki-maraton","status":"publish","type":"post","link":"https:\/\/www.zagreb-marathon.com\/en\/pocinju-pripreme-za-30-zagrebacki-maraton\/","title":{"rendered":"PREPARATIONS FOR THE 30th ZAGREB MARATHON BEGIN!"},"content":{"rendered":"\n\n\n\n\n\n\n[et_pb_section fb_built=&#8221;1&#8243; theme_builder_area=&#8221;post_content&#8221; _builder_version=&#8221;4.14.6&#8243; _module_preset=&#8221;default&#8221;][et_pb_row _builder_version=&#8221;4.14.6&#8243; _module_preset=&#8221;default&#8221; theme_builder_area=&#8221;post_content&#8221;][et_pb_column _builder_version=&#8221;4.14.6&#8243; _module_preset=&#8221;default&#8221; type=&#8221;4_4&#8243; theme_builder_area=&#8221;post_content&#8221;][et_pb_text _builder_version=&#8221;4.14.6&#8243; _module_preset=&#8221;default&#8221; theme_builder_area=&#8221;post_content&#8221; hover_enabled=&#8221;0&#8243; sticky_enabled=&#8221;0&#8243;]<p>Svi znamo da se za svaku utrku treba kvalitetno pripremiti, a pogotovo to va\u017ei za maraton. Maraton se ne tr\u010di iz vica, za maraton se ozbiljno trenira, priprema, \u017eivi\u2026 Da bi vam olak\u0161ali i da bi se zajedno \u0161to kvalitetnije pripremili za jubilarni 30. Zagreba\u010dki maraton, organiziramo zajedni\u010dke treninge.<\/p>\n<p>Kre\u0107emo s prvim na Jarunu, u utorak 12. travnja u 19:00 sati. O\u010dekujemo vas u velikom broju, a s na\u0161im sponzorima, trenerima i prijateljima, pripremamo vam mnoga iznena\u0111enja. Pratite na\u0161e objave na Facebook stranici, a uskoro \u0107emo i ovdje objaviti kompletan kalendar i raspored treninga!<\/p>[\/et_pb_text][\/et_pb_column][\/et_pb_row][\/et_pb_section]\n\n\n\n\n\n\n","protected":false},"excerpt":{"rendered":"<p>Svi znamo da se za svaku utrku treba kvalitetno pripremiti, a pogotovo to va\u017ei za maraton. Maraton se ne tr\u010di iz vica, za maraton se ozbiljno trenira, priprema, \u017eivi\u2026 Da bi vam olak\u0161ali i da bi se zajedno \u0161to kvalitetnije pripremili za jubilarni 30. Zagreba\u010dki maraton, organiziramo zajedni\u010dke treninge. Kre\u0107emo s prvim na Jarunu, u [&hellip;]<\/p>\n","protected":false},"author":3,"featured_media":8981,"comment_status":"closed","ping_status":"closed","sticky":false,"template":"","format":"standard","meta":{"_et_pb_use_builder":"on","_et_pb_old_content":"<!-- wp:divi\/placeholder \/-->","_et_gb_content_width":"","footnotes":""},"categories":[198],"tags":[],"class_list":["post-8975","post","type-post","status-publish","format-standard","has-post-thumbnail","hentry","category-arhiva"],"_links":{"self":[{"href":"https:\/\/www.zagreb-marathon.com\/en\/wp-json\/wp\/v2\/posts\/8975","targetHints":{"allow":["GET"]}}],"collection":[{"href":"https:\/\/www.zagreb-marathon.com\/en\/wp-json\/wp\/v2\/posts"}],"about":[{"href":"https:\/\/www.zagreb-marathon.com\/en\/wp-json\/wp\/v2\/types\/post"}],"author":[{"embeddable":true,"href":"https:\/\/www.zagreb-marathon.com\/en\/wp-json\/wp\/v2\/users\/3"}],"replies":[{"embeddable":true,"href":"https:\/\/www.zagreb-marathon.com\/en\/wp-json\/wp\/v2\/comments?post=8975"}],"version-history":[{"count":4,"href":"https:\/\/www.zagreb-marathon.com\/en\/wp-json\/wp\/v2\/posts\/8975\/revisions"}],"predecessor-version":[{"id":8980,"href":"https:\/\/www.zagreb-marathon.com\/en\/wp-json\/wp\/v2\/posts\/8975\/revisions\/8980"}],"wp:featuredmedia":[{"embeddable":true,"href":"https:\/\/www.zagreb-marathon.com\/en\/wp-json\/wp\/v2\/media\/8981"}],"wp:attachment":[{"href":"https:\/\/www.zagreb-marathon.com\/en\/wp-json\/wp\/v2\/media?parent=8975"}],"wp:term":[{"taxonomy":"category","embeddable":true,"href":"https:\/\/www.zagreb-marathon.com\/en\/wp-json\/wp\/v2\/categories?post=8975"},{"taxonomy":"post_tag","embeddable":true,"href":"https:\/\/www.zagreb-marathon.com\/en\/wp-json\/wp\/v2\/tags?post=8975"}],"curies":[{"name":"wp","href":"https:\/\/api.w.org\/{rel}","templated":true}]}}