{"id":9009,"date":"2022-06-28T13:50:34","date_gmt":"2022-06-28T12:50:34","guid":{"rendered":"https:\/\/www.zagreb-marathon.com\/?p=9009"},"modified":"2023-01-15T10:31:13","modified_gmt":"2023-01-15T09:31:13","slug":"vracaju-se-stafete","status":"publish","type":"post","link":"https:\/\/www.zagreb-marathon.com\/en\/vracaju-se-stafete\/","title":{"rendered":"RELAYS ARE BACK!"},"content":{"rendered":"<p>[et_pb_section fb_built=&#8221;1&#8243; _builder_version=&#8221;4.17.3&#8243; _module_preset=&#8221;default&#8221; global_colors_info=&#8221;{}&#8221;][et_pb_row _builder_version=&#8221;4.17.3&#8243; _module_preset=&#8221;default&#8221; global_colors_info=&#8221;{}&#8221;][et_pb_column type=&#8221;4_4&#8243; _builder_version=&#8221;4.17.3&#8243; _module_preset=&#8221;default&#8221; global_colors_info=&#8221;{}&#8221;][et_pb_text _builder_version=&#8221;4.17.3&#8243; _module_preset=&#8221;default&#8221; hover_enabled=&#8221;0&#8243; global_colors_info=&#8221;{}&#8221; custom_padding=&#8221;||13px|||&#8221; sticky_enabled=&#8221;0&#8243;]<\/p>\n<p>Ponovo \u0107emo u Zagrebu tr\u010dati \u0161tafetni maraton. \u010cetiri \u010dlana ekipe, prvih troje tr\u010de dionicu od 10km, a \u010detvrti \u010dlan ili \u010dlanica tr\u010di 12km i 195m do cilja. Slo\u017eite ekipu u svim kombinacijama \u2013 \u017eene, mu\u0161ki, mje\u0161ovito &#8211; dvije \u017eene i dva mu\u0161karca, \u017eenski mix &#8211; 3 \u017eene i jedan mu\u0161karac ili mu\u0161ki mix &#8211; tri mu\u0161karca i jedna \u017eena. Start \u0161tafeta zajedno je sa startom maraton i polumaratona u nedjelju, 2. listopada u 9:30 na trgu bana Jela\u010di\u0107a. Zabava je zajam\u010dena!<\/p>\n<p>[\/et_pb_text][\/et_pb_column][\/et_pb_row][et_pb_row _builder_version=&#8221;4.16&#8243; _module_preset=&#8221;default&#8221; global_colors_info=&#8221;{}&#8221; locked=&#8221;off&#8221;][et_pb_column type=&#8221;4_4&#8243; _builder_version=&#8221;4.16&#8243; _module_preset=&#8221;default&#8221; global_colors_info=&#8221;{}&#8221;][et_pb_button button_url=&#8221;https:\/\/registration.zagreb-marathon.com\/hr\/&#8221; button_text=&#8221;Prijavi se!&#8221; button_alignment=&#8221;center&#8221; _builder_version=&#8221;4.16&#8243; _module_preset=&#8221;default&#8221; custom_button=&#8221;on&#8221; button_text_color=&#8221;#FFFFFF&#8221; button_bg_use_color_gradient=&#8221;on&#8221; button_bg_color_gradient_direction=&#8221;90deg&#8221; button_bg_color_gradient_stops=&#8221;#e02b20 0%|#e09900 100%&#8221; button_bg_color_gradient_start=&#8221;#e02b20&#8243; button_bg_color_gradient_end=&#8221;#e09900&#8243; button_border_width=&#8221;0px&#8221; button_border_radius=&#8221;5px&#8221; button_font=&#8221;|||on|||||&#8221; box_shadow_style=&#8221;preset3&#8243; global_colors_info=&#8221;{}&#8221;][\/et_pb_button][\/et_pb_column][\/et_pb_row][\/et_pb_section]<\/p>\n","protected":false},"excerpt":{"rendered":"<p>Ponovo \u0107emo u Zagrebu tr\u010dati \u0161tafetni maraton. \u010cetiri \u010dlana ekipe, prvih troje tr\u010de dionicu od 10km, a \u010detvrti \u010dlan ili \u010dlanica tr\u010di 12km i 195m do cilja. Slo\u017eite ekipu u svim kombinacijama \u2013 \u017eene, mu\u0161ki, mje\u0161ovito &#8211; dvije \u017eene i dva mu\u0161karca, \u017eenski mix &#8211; 3 \u017eene i jedan mu\u0161karac ili mu\u0161ki mix &#8211; tri [&hellip;]<\/p>\n","protected":false},"author":3,"featured_media":9012,"comment_status":"closed","ping_status":"closed","sticky":false,"template":"","format":"standard","meta":{"_et_pb_use_builder":"on","_et_pb_old_content":"","_et_gb_content_width":"","footnotes":""},"categories":[198],"tags":[],"class_list":["post-9009","post","type-post","status-publish","format-standard","has-post-thumbnail","hentry","category-arhiva"],"_links":{"self":[{"href":"https:\/\/www.zagreb-marathon.com\/en\/wp-json\/wp\/v2\/posts\/9009","targetHints":{"allow":["GET"]}}],"collection":[{"href":"https:\/\/www.zagreb-marathon.com\/en\/wp-json\/wp\/v2\/posts"}],"about":[{"href":"https:\/\/www.zagreb-marathon.com\/en\/wp-json\/wp\/v2\/types\/post"}],"author":[{"embeddable":true,"href":"https:\/\/www.zagreb-marathon.com\/en\/wp-json\/wp\/v2\/users\/3"}],"replies":[{"embeddable":true,"href":"https:\/\/www.zagreb-marathon.com\/en\/wp-json\/wp\/v2\/comments?post=9009"}],"version-history":[{"count":9,"href":"https:\/\/www.zagreb-marathon.com\/en\/wp-json\/wp\/v2\/posts\/9009\/revisions"}],"predecessor-version":[{"id":9019,"href":"https:\/\/www.zagreb-marathon.com\/en\/wp-json\/wp\/v2\/posts\/9009\/revisions\/9019"}],"wp:featuredmedia":[{"embeddable":true,"href":"https:\/\/www.zagreb-marathon.com\/en\/wp-json\/wp\/v2\/media\/9012"}],"wp:attachment":[{"href":"https:\/\/www.zagreb-marathon.com\/en\/wp-json\/wp\/v2\/media?parent=9009"}],"wp:term":[{"taxonomy":"category","embeddable":true,"href":"https:\/\/www.zagreb-marathon.com\/en\/wp-json\/wp\/v2\/categories?post=9009"},{"taxonomy":"post_tag","embeddable":true,"href":"https:\/\/www.zagreb-marathon.com\/en\/wp-json\/wp\/v2\/tags?post=9009"}],"curies":[{"name":"wp","href":"https:\/\/api.w.org\/{rel}","templated":true}]}}