{"id":9088,"date":"2022-09-02T14:58:27","date_gmt":"2022-09-02T13:58:27","guid":{"rendered":"https:\/\/www.zagreb-marathon.com\/?p=9088"},"modified":"2023-01-15T10:31:43","modified_gmt":"2023-01-15T09:31:43","slug":"izmjena-datuma-utrka-zagrebackog-maratona","status":"publish","type":"post","link":"https:\/\/www.zagreb-marathon.com\/en\/izmjena-datuma-utrka-zagrebackog-maratona\/","title":{"rendered":"ZAGREB MARATHON DATE CHANGE"},"content":{"rendered":"\n\n[et_pb_section fb_built=&#8221;1&#8243; theme_builder_area=&#8221;post_content&#8221; _builder_version=&#8221;4.17.3&#8243; _module_preset=&#8221;default&#8221;][et_pb_row _builder_version=&#8221;4.17.3&#8243; _module_preset=&#8221;default&#8221; theme_builder_area=&#8221;post_content&#8221;][et_pb_column _builder_version=&#8221;4.17.3&#8243; _module_preset=&#8221;default&#8221; type=&#8221;4_4&#8243; theme_builder_area=&#8221;post_content&#8221;][et_pb_text _builder_version=&#8221;4.17.3&#8243; _module_preset=&#8221;default&#8221; theme_builder_area=&#8221;post_content&#8221; hover_enabled=&#8221;0&#8243; sticky_enabled=&#8221;0&#8243;]<p><em>Dragi svi,<\/em><\/p>\n<p><em>Iako smo napravili maksimalne napore zajedno sa svim na\u0161im partnerima i mjerodavnim institucijama, 30. Zagreba\u010dki maraton ne\u0107emo mo\u0107i istr\u010dati u nedjeljno jutro 2. listopada. Kako bi promjena termina, koji smo odredili jo\u0161 po\u010detkom godine, imala najmanji mogu\u0107i utjecaj na va\u0161e planove i va\u0161 trena\u017eni proces, sam maraton pomaknuli smo dan ranije i to u <strong>subotu, 1. listopada<\/strong>, u poslijepodnevnim satima. Start utrka <strong>Garmin 10K bit \u0107e u 14:00, a maraton i polumaraton te \u0161tafeta u 15:00 sati<\/strong>. Svaka druga promjena termina nije dolazila u obzir i imala bi negativan utjecaj prije svega na va\u0161 trena\u017eni proces i na prije u\u010dinjene planove treninga i utrka. <\/em><\/p>\n<p><em>Zapi\u0161ite si novi datum i vrijeme startova, sve ostalo ostaje nepromijenjeno osim \u0161to \u0107e podjela startnih paketa i brojeva zbog novonastale situacije ipak biti i na dan utrke i to u Uredu maratona na Trgu bana Jela\u010di\u0107a od 9:00h do 12:30h. Redovna podjela startnih paketa i brojeva ostaje kao \u0161to je predvi\u0111eno u atletskoj dvorani na Zagreba\u010dkom velesajmu od srijede 28.9. do petka 30.9. u ranije odre\u0111enim terminima.<\/em><\/p>\n<p><em>Svi koji su prije izvr\u0161ili prijavu i uplatu, a novi termin vam ne odgovara, molimo vas da do srijede, 7. rujna 2022. na mail <a href=\"mailto:info@zagreb-marathon.com\">info@zagreb-marathon.com<\/a> po\u0161aljete zahtjev za prebacivanjem startnine na sljede\u0107u godinu ili zatra\u017eite povrat upla\u0107ene kotizacije. Iskreno nam je \u017eao \u0161to je do\u0161lo do ove promjene, ali vas zato po zavr\u0161etku utrka o\u010dekuje odli\u010dna zabava, o\u017eujsko pivo i dva koncerta u subotnju ve\u010der pa se mo\u017eete maksimalno opustiti ne \u010dekaju\u0107i utrku u nedjelju ujutro.<\/em><\/p>[\/et_pb_text][\/et_pb_column][\/et_pb_row][\/et_pb_section]\n\n","protected":false},"excerpt":{"rendered":"<p>Dragi svi, Iako smo napravili maksimalne napore zajedno sa svim na\u0161im partnerima i mjerodavnim institucijama, 30. Zagreba\u010dki maraton ne\u0107emo mo\u0107i istr\u010dati u nedjeljno jutro 2. listopada. Kako bi promjena termina, koji smo odredili jo\u0161 po\u010detkom godine, imala najmanji mogu\u0107i utjecaj na va\u0161e planove i va\u0161 trena\u017eni proces, sam maraton pomaknuli smo dan ranije i to [&hellip;]<\/p>\n","protected":false},"author":3,"featured_media":8612,"comment_status":"closed","ping_status":"closed","sticky":false,"template":"","format":"standard","meta":{"_et_pb_use_builder":"on","_et_pb_old_content":"","_et_gb_content_width":"","footnotes":""},"categories":[198],"tags":[],"class_list":["post-9088","post","type-post","status-publish","format-standard","has-post-thumbnail","hentry","category-arhiva"],"_links":{"self":[{"href":"https:\/\/www.zagreb-marathon.com\/en\/wp-json\/wp\/v2\/posts\/9088","targetHints":{"allow":["GET"]}}],"collection":[{"href":"https:\/\/www.zagreb-marathon.com\/en\/wp-json\/wp\/v2\/posts"}],"about":[{"href":"https:\/\/www.zagreb-marathon.com\/en\/wp-json\/wp\/v2\/types\/post"}],"author":[{"embeddable":true,"href":"https:\/\/www.zagreb-marathon.com\/en\/wp-json\/wp\/v2\/users\/3"}],"replies":[{"embeddable":true,"href":"https:\/\/www.zagreb-marathon.com\/en\/wp-json\/wp\/v2\/comments?post=9088"}],"version-history":[{"count":3,"href":"https:\/\/www.zagreb-marathon.com\/en\/wp-json\/wp\/v2\/posts\/9088\/revisions"}],"predecessor-version":[{"id":9092,"href":"https:\/\/www.zagreb-marathon.com\/en\/wp-json\/wp\/v2\/posts\/9088\/revisions\/9092"}],"wp:featuredmedia":[{"embeddable":true,"href":"https:\/\/www.zagreb-marathon.com\/en\/wp-json\/wp\/v2\/media\/8612"}],"wp:attachment":[{"href":"https:\/\/www.zagreb-marathon.com\/en\/wp-json\/wp\/v2\/media?parent=9088"}],"wp:term":[{"taxonomy":"category","embeddable":true,"href":"https:\/\/www.zagreb-marathon.com\/en\/wp-json\/wp\/v2\/categories?post=9088"},{"taxonomy":"post_tag","embeddable":true,"href":"https:\/\/www.zagreb-marathon.com\/en\/wp-json\/wp\/v2\/tags?post=9088"}],"curies":[{"name":"wp","href":"https:\/\/api.w.org\/{rel}","templated":true}]}}