{"id":9126,"date":"2022-09-13T13:41:53","date_gmt":"2022-09-13T12:41:53","guid":{"rendered":"https:\/\/www.zagreb-marathon.com\/?p=9126"},"modified":"2023-01-15T10:32:22","modified_gmt":"2023-01-15T09:32:22","slug":"mjerenje-kakvoce-zraka-na-zagrebackom-maratonu","status":"publish","type":"post","link":"https:\/\/www.zagreb-marathon.com\/en\/mjerenje-kakvoce-zraka-na-zagrebackom-maratonu\/","title":{"rendered":"Air quality measurement at the Zagreb Marathon"},"content":{"rendered":"\n[et_pb_section fb_built=&#8221;1&#8243; _builder_version=&#8221;4.17.3&#8243; _module_preset=&#8221;default&#8221; global_colors_info=&#8221;{}&#8221;][et_pb_row _builder_version=&#8221;4.17.3&#8243; _module_preset=&#8221;default&#8221; global_colors_info=&#8221;{}&#8221;][et_pb_column type=&#8221;4_4&#8243; _builder_version=&#8221;4.17.3&#8243; _module_preset=&#8221;default&#8221; global_colors_info=&#8221;{}&#8221;][et_pb_text _builder_version=&#8221;4.17.3&#8243; _module_preset=&#8221;default&#8221; global_colors_info=&#8221;{}&#8221;]<p>Uz pomo\u0107 World Athletics (Svjetske atletske federacije) instalirali smo na Trgu bana Jela\u010di\u0107a ure\u0111aj za mjerenje kakvo\u0107e zraka \u2013 razine one\u010di\u0161\u0107enja zraka. S obzirom na dugotrajno pra\u0107enje one\u010di\u0161\u0107enja zraka u tjednima prije maratona, mo\u0107i \u0107emo vam pru\u017eiti tjedne (do neke mjere) i dnevne varijacije one\u010di\u0161\u0107enja zraka. Na temelju prikupljenih podataka mo\u0107i \u0107emo proizvesti toplinsku kartu koja prikazuje varijaciju izmjerenih parametara, kao i okoli\u0161ne parametre. To \u0107e nam omogu\u0107iti da identificiramo mjesta u gradu koja bi mogla pokazati visoku razinu zaga\u0111enja. Vjerujemo da \u0107e vam prikupljeni podaci biti zanimljivi i od koristi te \u0107e pomo\u0107i pogotovo vama koji trenirate na raznim lokacijama u gradu da izaberete najbolju. Trenutne podatke koje ure\u0111aj o\u010ditava mo\u017eete vidjeti u realnom vremenu na ovoj poveznici<\/p>\n<p><a href=\"https:\/\/kunakcloud.com\/widgets\/wa\/widget.html\">https:\/\/kunakcloud.com\/widgets\/wa\/widget.html<\/a><\/p>[\/et_pb_text][\/et_pb_column][\/et_pb_row][\/et_pb_section]\n","protected":false},"excerpt":{"rendered":"<p>Uz pomo\u0107 World Athletics (Svjetske atletske federacije) instalirali smo na Trgu bana Jela\u010di\u0107a ure\u0111aj za mjerenje kakvo\u0107e zraka \u2013 razine one\u010di\u0161\u0107enja zraka. S obzirom na dugotrajno pra\u0107enje one\u010di\u0161\u0107enja zraka u tjednima prije maratona, mo\u0107i \u0107emo vam pru\u017eiti tjedne (do neke mjere) i dnevne varijacije one\u010di\u0161\u0107enja zraka. Na temelju prikupljenih podataka mo\u0107i \u0107emo proizvesti toplinsku kartu [&hellip;]<\/p>\n","protected":false},"author":3,"featured_media":9127,"comment_status":"closed","ping_status":"closed","sticky":false,"template":"","format":"standard","meta":{"_et_pb_use_builder":"on","_et_pb_old_content":"","_et_gb_content_width":"","footnotes":""},"categories":[198],"tags":[],"class_list":["post-9126","post","type-post","status-publish","format-standard","has-post-thumbnail","hentry","category-arhiva"],"_links":{"self":[{"href":"https:\/\/www.zagreb-marathon.com\/en\/wp-json\/wp\/v2\/posts\/9126","targetHints":{"allow":["GET"]}}],"collection":[{"href":"https:\/\/www.zagreb-marathon.com\/en\/wp-json\/wp\/v2\/posts"}],"about":[{"href":"https:\/\/www.zagreb-marathon.com\/en\/wp-json\/wp\/v2\/types\/post"}],"author":[{"embeddable":true,"href":"https:\/\/www.zagreb-marathon.com\/en\/wp-json\/wp\/v2\/users\/3"}],"replies":[{"embeddable":true,"href":"https:\/\/www.zagreb-marathon.com\/en\/wp-json\/wp\/v2\/comments?post=9126"}],"version-history":[{"count":4,"href":"https:\/\/www.zagreb-marathon.com\/en\/wp-json\/wp\/v2\/posts\/9126\/revisions"}],"predecessor-version":[{"id":9136,"href":"https:\/\/www.zagreb-marathon.com\/en\/wp-json\/wp\/v2\/posts\/9126\/revisions\/9136"}],"wp:featuredmedia":[{"embeddable":true,"href":"https:\/\/www.zagreb-marathon.com\/en\/wp-json\/wp\/v2\/media\/9127"}],"wp:attachment":[{"href":"https:\/\/www.zagreb-marathon.com\/en\/wp-json\/wp\/v2\/media?parent=9126"}],"wp:term":[{"taxonomy":"category","embeddable":true,"href":"https:\/\/www.zagreb-marathon.com\/en\/wp-json\/wp\/v2\/categories?post=9126"},{"taxonomy":"post_tag","embeddable":true,"href":"https:\/\/www.zagreb-marathon.com\/en\/wp-json\/wp\/v2\/tags?post=9126"}],"curies":[{"name":"wp","href":"https:\/\/api.w.org\/{rel}","templated":true}]}}