{"id":9132,"date":"2022-09-14T08:32:10","date_gmt":"2022-09-14T07:32:10","guid":{"rendered":"https:\/\/www.zagreb-marathon.com\/?p=9132"},"modified":"2023-08-16T12:29:06","modified_gmt":"2023-08-16T11:29:06","slug":"djecje-utrke-ponovo-u-sklopu-zagrebackog-maratona","status":"publish","type":"post","link":"https:\/\/www.zagreb-marathon.com\/en\/djecje-utrke-ponovo-u-sklopu-zagrebackog-maratona\/","title":{"rendered":"Children's races again as part of the Zagreb Marathon"},"content":{"rendered":"\n\n[et_pb_section fb_built=&#8221;1&#8243; _builder_version=&#8221;4.17.3&#8243; _module_preset=&#8221;default&#8221; global_colors_info=&#8221;{}&#8221;][et_pb_row _builder_version=&#8221;4.17.3&#8243; _module_preset=&#8221;default&#8221; global_colors_info=&#8221;{}&#8221;][et_pb_column type=&#8221;4_4&#8243; _builder_version=&#8221;4.17.3&#8243; _module_preset=&#8221;default&#8221; global_colors_info=&#8221;{}&#8221;][et_pb_text _builder_version=&#8221;4.17.3&#8243; _module_preset=&#8221;default&#8221; global_colors_info=&#8221;{}&#8221;]<p>Nakon dvije godine pauze, najmla\u0111i trka\u010di ponovo nam se vra\u0107aju na sredi\u0161nji zagreba\u010dki trg \u2013 Trg bana Jela\u010di\u0107a. U sklopu 30. Zagreba\u010dkog maratona, u jutarnjim satima, kao uvertira u glavni program, na\u0161i \u201eklinci\u201c rastr\u010dat \u0107e se po Trgu i oko njega i boriti se za \u0161to bolji plasman te u\u017eivati u dru\u017eenju.<\/p>\n<p>Program po\u010dinje u 10:00 sati \u2013 prva utrka na programu su djeca vrti\u0107ke dobi \u2013 ide redom prema starijim kategorijama. Potrebno je na Trg bana Jela\u010di\u0107a do\u0107i malo ranije \u2013 cca 9:30 kako bi se na vrijeme pripremili za utrke.<\/p>\n<p>Utrke su podijeljene po sljede\u0107im uzrastima: <br \/>Vrti\u0107 \u2013 dje\u010daci i djevoj\u010dice (100m)<br \/>Vrti\u0107\/pred\u0161kolarci \u2013 dje\u010daci i djevoj\u010dice (100m)<br \/>Osnovna \u0161kola 1. i 2. razredi \u2013 dje\u010daci i djevoj\u010dice (250m)<br \/>Osnovna \u0161kola 3. i 4. razredi \u2013 dje\u010daci i djevoj\u010dice (400m)<br \/>Osnovna \u0161kola 5. i 6. razredi \u2013 dje\u010daci i djevoj\u010dice (600m)<\/p>\n<p>Za sudjelovanje na dje\u010djim utrkama se ne pla\u0107a kotizacija, ali je potrebno izvr\u0161iti prijavu putem linka <a href=\"https:\/\/registration.zagreb-marathon.com\">30th Zagreb Marathon Registration<\/a>\u00a0 i izabrati vrstu utrke \u201eDje\u010dja\u201c.<\/p>\n<p>Po dolasku na Trg potrebno se javiti volonterima u prijavnom centru koji \u0107e voditi dje\u010dje utrke. Troje prvoplasiranih u svakoj kategoriji (posebno dje\u010daci i posebno djevoj\u010dice) dobivaju nagrade sponzora Podravke, medalja, a prvoplasirani pehar organizatora.<\/p>\n<p>Progla\u0161enje pobjednika bit \u0107e po zavr\u0161etku zadnje dje\u010dje utrke (izme\u0111u 11:00 i 11:30 sati) i molimo sve nagra\u0111ene da obavezno prisustvuju progla\u0161enju koje \u0107e bit na glavnoj pozornici. O\u010dekujemo vas u subotu 1. listopada na Trgu bana Jela\u010di\u0107a!<\/p>[\/et_pb_text][\/et_pb_column][\/et_pb_row][et_pb_row _builder_version=&#8221;4.17.3&#8243; _module_preset=&#8221;default&#8221;][et_pb_column _builder_version=&#8221;4.17.3&#8243; _module_preset=&#8221;default&#8221; type=&#8221;4_4&#8243;][et_pb_button button_url=&#8221;https:\/\/registration.zagreb-marathon.com\/hr\/&#8221; button_text=&#8221;Prijavi se!&#8221; button_alignment=&#8221;center&#8221; _builder_version=&#8221;4.16&#8243; _module_preset=&#8221;default&#8221; custom_button=&#8221;on&#8221; button_text_color=&#8221;#FFFFFF&#8221; button_bg_use_color_gradient=&#8221;on&#8221; button_bg_color_gradient_direction=&#8221;90deg&#8221; button_bg_color_gradient_stops=&#8221;#e02b20 0%|#e09900 100%&#8221; button_bg_color_gradient_start=&#8221;#e02b20&#8243; button_bg_color_gradient_end=&#8221;#e09900&#8243; button_border_width=&#8221;0px&#8221; button_border_radius=&#8221;5px&#8221; button_font=&#8221;|||on|||||&#8221; box_shadow_style=&#8221;preset3&#8243; global_colors_info=&#8221;{}&#8221; locked=&#8221;off&#8221;][\/et_pb_button][\/et_pb_column][\/et_pb_row][\/et_pb_section]\n\n","protected":false},"excerpt":{"rendered":"<p>Nakon dvije godine pauze, najmla\u0111i trka\u010di ponovo nam se vra\u0107aju na sredi\u0161nji zagreba\u010dki trg \u2013 Trg bana Jela\u010di\u0107a. U sklopu 30. Zagreba\u010dkog maratona, u jutarnjim satima, kao uvertira u glavni program, na\u0161i \u201eklinci\u201c rastr\u010dat \u0107e se po Trgu i oko njega i boriti se za \u0161to bolji plasman te u\u017eivati u dru\u017eenju. Program po\u010dinje u [&hellip;]<\/p>\n","protected":false},"author":3,"featured_media":9199,"comment_status":"closed","ping_status":"closed","sticky":false,"template":"","format":"standard","meta":{"_et_pb_use_builder":"on","_et_pb_old_content":"","_et_gb_content_width":"","footnotes":""},"categories":[198],"tags":[],"class_list":["post-9132","post","type-post","status-publish","format-standard","has-post-thumbnail","hentry","category-arhiva"],"_links":{"self":[{"href":"https:\/\/www.zagreb-marathon.com\/en\/wp-json\/wp\/v2\/posts\/9132","targetHints":{"allow":["GET"]}}],"collection":[{"href":"https:\/\/www.zagreb-marathon.com\/en\/wp-json\/wp\/v2\/posts"}],"about":[{"href":"https:\/\/www.zagreb-marathon.com\/en\/wp-json\/wp\/v2\/types\/post"}],"author":[{"embeddable":true,"href":"https:\/\/www.zagreb-marathon.com\/en\/wp-json\/wp\/v2\/users\/3"}],"replies":[{"embeddable":true,"href":"https:\/\/www.zagreb-marathon.com\/en\/wp-json\/wp\/v2\/comments?post=9132"}],"version-history":[{"count":4,"href":"https:\/\/www.zagreb-marathon.com\/en\/wp-json\/wp\/v2\/posts\/9132\/revisions"}],"predecessor-version":[{"id":9152,"href":"https:\/\/www.zagreb-marathon.com\/en\/wp-json\/wp\/v2\/posts\/9132\/revisions\/9152"}],"wp:featuredmedia":[{"embeddable":true,"href":"https:\/\/www.zagreb-marathon.com\/en\/wp-json\/wp\/v2\/media\/9199"}],"wp:attachment":[{"href":"https:\/\/www.zagreb-marathon.com\/en\/wp-json\/wp\/v2\/media?parent=9132"}],"wp:term":[{"taxonomy":"category","embeddable":true,"href":"https:\/\/www.zagreb-marathon.com\/en\/wp-json\/wp\/v2\/categories?post=9132"},{"taxonomy":"post_tag","embeddable":true,"href":"https:\/\/www.zagreb-marathon.com\/en\/wp-json\/wp\/v2\/tags?post=9132"}],"curies":[{"name":"wp","href":"https:\/\/api.w.org\/{rel}","templated":true}]}}