{"id":9204,"date":"2022-10-25T14:54:41","date_gmt":"2022-10-25T13:54:41","guid":{"rendered":"https:\/\/www.zagreb-marathon.com\/?p=9204"},"modified":"2026-02-24T11:09:47","modified_gmt":"2026-02-24T10:09:47","slug":"zagreb-u-sredistu-pozornosti-svjetske-atletike","status":"publish","type":"post","link":"https:\/\/www.zagreb-marathon.com\/en\/zagreb-u-sredistu-pozornosti-svjetske-atletike\/","title":{"rendered":"Zagreb in the center of attention of World Athletics!"},"content":{"rendered":"\n[et_pb_section fb_built=&#8221;1&#8243; theme_builder_area=&#8221;post_content&#8221; _builder_version=&#8221;4.17.3&#8243; _module_preset=&#8221;default&#8221;][et_pb_row _builder_version=&#8221;4.17.3&#8243; _module_preset=&#8221;default&#8221; theme_builder_area=&#8221;post_content&#8221;][et_pb_column _builder_version=&#8221;4.17.3&#8243; _module_preset=&#8221;default&#8221; type=&#8221;4_4&#8243; theme_builder_area=&#8221;post_content&#8221;][et_pb_text _builder_version=&#8221;4.17.3&#8243; _module_preset=&#8221;default&#8221; theme_builder_area=&#8221;post_content&#8221; hover_enabled=&#8221;0&#8243; sticky_enabled=&#8221;0&#8243;]<p>Zagreb je ove jeseni bio doma\u0107in dva velika atletska natjecanja pod pokroviteljstvom Svjetske atletike, 72. Boris Han\u017eekovi\u0107 memorijal i 30. Zagreba\u010dki maraton odr\u017eali su se u periodu od dvadesetak dana.<\/p>\n<p>Upravo to potaknulo je predstavnika Svjetske atletike da pokrenu projekt u kojem \u0107e prvi puta kombinirati i uspore\u0111ivati mjerenje i pra\u0107enje kvalitete zraka na stadionu \u201eMladost\u201c za vrijeme Han\u017eekovi\u0107evog memorijala i du\u017e zagreba\u010dkih ulica za vrijeme 30. Zagreba\u010dkog maratona. Tako\u0111er, sama sprava za mjerenje kakvo\u0107e zraka bila je instalirana na Trgu bana Jela\u010di\u0107a od zavr\u0161etka \u201eHan\u017eeka\u201c pa sve do ulaska u cilj posljednjeg trka\u010da Zagreba\u010dkog maratona.<\/p>\n<p>Rezultati i \u010dlanak su danas objavljeni na naslovnici Svjetske atletike i dostupni su na : <a href=\"https:\/\/worldathletics.org\/athletics-better-world\/news\/zagreb-air-quality-boris-hanzekovic-memorial-marathon\">https:\/\/worldathletics.org\/athletics-better-world\/news\/zagreb-air-quality-boris-hanzekovic-memorial-marathon<\/a><\/p>[\/et_pb_text][\/et_pb_column][\/et_pb_row][\/et_pb_section]\n","protected":false},"excerpt":{"rendered":"<p>Zagreb je ove jeseni bio doma\u0107in dva velika atletska natjecanja pod pokroviteljstvom Svjetske atletike, 72. Boris Han\u017eekovi\u0107 memorijal i 30. Zagreba\u010dki maraton odr\u017eali su se u periodu od dvadesetak dana. Upravo to potaknulo je predstavnika Svjetske atletike da pokrenu projekt u kojem \u0107e prvi puta kombinirati i uspore\u0111ivati mjerenje i pra\u0107enje kvalitete zraka na stadionu [&hellip;]<\/p>\n","protected":false},"author":3,"featured_media":9198,"comment_status":"closed","ping_status":"closed","sticky":false,"template":"","format":"standard","meta":{"_et_pb_use_builder":"on","_et_pb_old_content":"","_et_gb_content_width":"","footnotes":""},"categories":[198],"tags":[],"class_list":["post-9204","post","type-post","status-publish","format-standard","has-post-thumbnail","hentry","category-arhiva"],"_links":{"self":[{"href":"https:\/\/www.zagreb-marathon.com\/en\/wp-json\/wp\/v2\/posts\/9204","targetHints":{"allow":["GET"]}}],"collection":[{"href":"https:\/\/www.zagreb-marathon.com\/en\/wp-json\/wp\/v2\/posts"}],"about":[{"href":"https:\/\/www.zagreb-marathon.com\/en\/wp-json\/wp\/v2\/types\/post"}],"author":[{"embeddable":true,"href":"https:\/\/www.zagreb-marathon.com\/en\/wp-json\/wp\/v2\/users\/3"}],"replies":[{"embeddable":true,"href":"https:\/\/www.zagreb-marathon.com\/en\/wp-json\/wp\/v2\/comments?post=9204"}],"version-history":[{"count":3,"href":"https:\/\/www.zagreb-marathon.com\/en\/wp-json\/wp\/v2\/posts\/9204\/revisions"}],"predecessor-version":[{"id":9208,"href":"https:\/\/www.zagreb-marathon.com\/en\/wp-json\/wp\/v2\/posts\/9204\/revisions\/9208"}],"wp:featuredmedia":[{"embeddable":true,"href":"https:\/\/www.zagreb-marathon.com\/en\/wp-json\/wp\/v2\/media\/9198"}],"wp:attachment":[{"href":"https:\/\/www.zagreb-marathon.com\/en\/wp-json\/wp\/v2\/media?parent=9204"}],"wp:term":[{"taxonomy":"category","embeddable":true,"href":"https:\/\/www.zagreb-marathon.com\/en\/wp-json\/wp\/v2\/categories?post=9204"},{"taxonomy":"post_tag","embeddable":true,"href":"https:\/\/www.zagreb-marathon.com\/en\/wp-json\/wp\/v2\/tags?post=9204"}],"curies":[{"name":"wp","href":"https:\/\/api.w.org\/{rel}","templated":true}]}}