{"id":9693,"date":"2024-07-03T13:16:21","date_gmt":"2024-07-03T12:16:21","guid":{"rendered":"https:\/\/www.zagreb-marathon.com\/?p=9693"},"modified":"2026-02-24T11:08:16","modified_gmt":"2026-02-24T10:08:16","slug":"odrzan-2-trening-za-32-zagrebacki-maraton","status":"publish","type":"post","link":"https:\/\/www.zagreb-marathon.com\/hr\/odrzan-2-trening-za-32-zagrebacki-maraton\/","title":{"rendered":"Odr\u017ean 2. trening za 32. Zagreba\u010dki maraton"},"content":{"rendered":"\n[et_pb_section fb_built=&#8221;1&#8243; theme_builder_area=&#8221;post_content&#8221; _builder_version=&#8221;4.23.4&#8243; _module_preset=&#8221;default&#8221;][et_pb_row _builder_version=&#8221;4.23.4&#8243; _module_preset=&#8221;default&#8221; theme_builder_area=&#8221;post_content&#8221;][et_pb_column _builder_version=&#8221;4.23.4&#8243; _module_preset=&#8221;default&#8221; type=&#8221;4_4&#8243; theme_builder_area=&#8221;post_content&#8221;][et_pb_text _builder_version=&#8221;4.23.4&#8243; _module_preset=&#8221;default&#8221; theme_builder_area=&#8221;post_content&#8221; hover_enabled=&#8221;0&#8243; sticky_enabled=&#8221;0&#8243;]<div class=\"xdj266r x11i5rnm xat24cr x1mh8g0r x1vvkbs x126k92a\" style=\"margin: 0px; overflow-wrap: break-word; white-space: pre-wrap; font-family: 'Segoe UI Historic', 'Segoe UI', Helvetica, Arial, sans-serif; color: #050505; font-size: 15px; font-style: normal; font-variant-ligatures: normal; font-variant-caps: normal; font-weight: 400; letter-spacing: normal; orphans: 2; text-align: left; text-indent: 0px; text-transform: none; widows: 2; word-spacing: 0px; -webkit-text-stroke-width: 0px; background-color: #ffffff; text-decoration-thickness: initial; text-decoration-style: initial; text-decoration-color: initial;\">\n<div dir=\"auto\" style=\"font-family: inherit; text-align: start;\">Sport spaja, motivira, izaziva, daje nadu i povezuje preko (svih) granica. U subotu, 22. lipnja, u Zagrebu su se okupili lokalni trka\u010di i zaljubljenici u tr\u010danje iz Ljubljane! U duhu povezivanja i podr\u0161ke dvaju maratonskih velikana treningu se pridru\u017eilo 128 trka\u010da savladavaju\u0107i stazu oko Jarunskog jezera. Ovim putem se zahvaljujemo svima na sudjelovanju i neiscrpnom sportskom duhu.<\/div>\n<\/div>\n<div class=\"x11i5rnm xat24cr x1mh8g0r x1vvkbs xtlvy1s x126k92a\" style=\"margin: 0.5em 0px 0px; overflow-wrap: break-word; white-space: pre-wrap; font-family: 'Segoe UI Historic', 'Segoe UI', Helvetica, Arial, sans-serif; color: #050505; font-size: 15px; font-style: normal; font-variant-ligatures: normal; font-variant-caps: normal; font-weight: 400; letter-spacing: normal; orphans: 2; text-align: left; text-indent: 0px; text-transform: none; widows: 2; word-spacing: 0px; -webkit-text-stroke-width: 0px; background-color: #ffffff; text-decoration-thickness: initial; text-decoration-style: initial; text-decoration-color: initial;\">\n<div dir=\"auto\" style=\"font-family: inherit; text-align: start;\">Za obje je ekipe ovo bio odli\u010dan na\u010din pripreme za dugoo\u010dekivani Zagreba\u010dki maraton, <span class=\"html-span xdj266r x11i5rnm xat24cr x1mh8g0r xexx8yu x4uap5 x18d9i69 xkhd6sd x1hl2dhg x16tdsg8 x1vvkbs\" style=\"text-decoration: none; margin: 0px; text-align: inherit; overflow-wrap: break-word; padding: 0px; font-family: inherit;\"><a style=\"color: #385898; cursor: pointer; text-decoration: none; font-family: inherit;\" tabindex=\"-1\"><\/a><\/span>13.10.2024., te Ljubljanski maraton, 20.10.2024. Jo\u0161 imate vremena za pripremu i sudjelovanje na ova dva nezaboravna regionalna natjecanja. Prijave na linku:<span class=\"html-span xdj266r x11i5rnm xat24cr x1mh8g0r xexx8yu x4uap5 x18d9i69 xkhd6sd x1hl2dhg x16tdsg8 x1vvkbs\" style=\"text-decoration: none; margin: 0px; text-align: inherit; overflow-wrap: break-word; padding: 0px; font-family: inherit;\"><a class=\"x1i10hfl xjbqb8w x1ejq31n xd10rxx x1sy0etr x17r0tee x972fbf xcfux6l x1qhh985 xm0m39n x9f619 x1ypdohk xt0psk2 xe8uvvx xdj266r x11i5rnm xat24cr x1mh8g0r xexx8yu x4uap5 x18d9i69 xkhd6sd x16tdsg8 x1hl2dhg xggy1nq x1a2a7pz x1sur9pj xkrqix3 x1fey0fg\" href=\"https:\/\/www.zagreb-marathon.com\/hr\/prijave\/\" rel=\"nofollow noopener noreferrer\" role=\"link\" target=\"_blank\" style=\"color: var(--blue-link); cursor: pointer; text-decoration: none; outline: none; list-style: none; margin: 0px; text-align: inherit; border-style: none; padding: 0px; border-width: 0px; box-sizing: border-box; background-color: transparent; -webkit-tap-highlight-color: transparent; touch-action: manipulation; display: inline; font-family: inherit;\" tabindex=\"0\">https:\/\/www.zagreb-marathon.com\/hr\/prijave\/<\/a><\/span><\/div>\n<\/div>[\/et_pb_text][\/et_pb_column][\/et_pb_row][et_pb_row _builder_version=&#8221;4.23.4&#8243; _module_preset=&#8221;default&#8221; theme_builder_area=&#8221;post_content&#8221;][et_pb_column _builder_version=&#8221;4.23.4&#8243; _module_preset=&#8221;default&#8221; type=&#8221;4_4&#8243; theme_builder_area=&#8221;post_content&#8221;][et_pb_image src=&#8221;http:\/\/www.zagreb-marathon.com\/wp-content\/uploads\/maraton_trening.jpg&#8221; _builder_version=&#8221;4.23.4&#8243; _module_preset=&#8221;default&#8221; theme_builder_area=&#8221;post_content&#8221; title_text=&#8221;maraton_trening&#8221; hover_enabled=&#8221;0&#8243; sticky_enabled=&#8221;0&#8243;][\/et_pb_image][\/et_pb_column][\/et_pb_row][\/et_pb_section]\n","protected":false},"excerpt":{"rendered":"<p>Sport spaja, motivira, izaziva, daje nadu i povezuje preko (svih) granica. U subotu, 22. lipnja, u Zagrebu su se okupili lokalni trka\u010di i zaljubljenici u tr\u010danje iz Ljubljane! U duhu povezivanja i podr\u0161ke dvaju maratonskih velikana treningu se pridru\u017eilo 128 trka\u010da savladavaju\u0107i stazu oko Jarunskog jezera. Ovim putem se zahvaljujemo svima na sudjelovanju i neiscrpnom [&hellip;]<\/p>\n","protected":false},"author":3,"featured_media":9696,"comment_status":"closed","ping_status":"closed","sticky":false,"template":"","format":"standard","meta":{"_et_pb_use_builder":"on","_et_pb_old_content":"","_et_gb_content_width":"","footnotes":""},"categories":[198],"tags":[],"class_list":["post-9693","post","type-post","status-publish","format-standard","has-post-thumbnail","hentry","category-arhiva"],"_links":{"self":[{"href":"https:\/\/www.zagreb-marathon.com\/hr\/wp-json\/wp\/v2\/posts\/9693","targetHints":{"allow":["GET"]}}],"collection":[{"href":"https:\/\/www.zagreb-marathon.com\/hr\/wp-json\/wp\/v2\/posts"}],"about":[{"href":"https:\/\/www.zagreb-marathon.com\/hr\/wp-json\/wp\/v2\/types\/post"}],"author":[{"embeddable":true,"href":"https:\/\/www.zagreb-marathon.com\/hr\/wp-json\/wp\/v2\/users\/3"}],"replies":[{"embeddable":true,"href":"https:\/\/www.zagreb-marathon.com\/hr\/wp-json\/wp\/v2\/comments?post=9693"}],"version-history":[{"count":4,"href":"https:\/\/www.zagreb-marathon.com\/hr\/wp-json\/wp\/v2\/posts\/9693\/revisions"}],"predecessor-version":[{"id":10615,"href":"https:\/\/www.zagreb-marathon.com\/hr\/wp-json\/wp\/v2\/posts\/9693\/revisions\/10615"}],"wp:featuredmedia":[{"embeddable":true,"href":"https:\/\/www.zagreb-marathon.com\/hr\/wp-json\/wp\/v2\/media\/9696"}],"wp:attachment":[{"href":"https:\/\/www.zagreb-marathon.com\/hr\/wp-json\/wp\/v2\/media?parent=9693"}],"wp:term":[{"taxonomy":"category","embeddable":true,"href":"https:\/\/www.zagreb-marathon.com\/hr\/wp-json\/wp\/v2\/categories?post=9693"},{"taxonomy":"post_tag","embeddable":true,"href":"https:\/\/www.zagreb-marathon.com\/hr\/wp-json\/wp\/v2\/tags?post=9693"}],"curies":[{"name":"wp","href":"https:\/\/api.w.org\/{rel}","templated":true}]}}